{"provider_url": "https://www.colniza.mt.leg.br", "title": "NOTA DE PESAR ", "html": "<p style=\"text-align: justify; \">A C\u00e2mara Municipal de Vereadores, com profundo pesar, comunica o falecimento do senhor Arlindo Polles, carinhosamente conhecido como \"Nono Polles\", ocorrido nesta segunda-feira, 09 de mar\u00e7o de 2026.</p>\r\n<p style=\"text-align: justify; \">Arlindo Polles deixa um legado de retid\u00e3o, trabalho e amor \u00e0 sua fam\u00edlia e \u00e0 nossa comunidade. Sua partida representa uma perda irrepar\u00e1vel para todos que tiveram a honra de conviver com sua sabedoria e generosidade.</p>\r\n<p style=\"text-align: justify; \">Em sinal de respeito e em reconhecimento \u00e0 sua trajet\u00f3ria em nosso munic\u00edpio, a Casa de Leis declara Luto Oficial de 03 (tr\u00eas) dias.</p>\r\n<p style=\"text-align: justify; \">Informamos que o luto ocorre sem preju\u00edzo ao expediente.</p>\r\n<p style=\"text-align: justify; \">Neste momento de dor, os Vereadores e servidores desta Casa se solidarizam e expressam suas mais sinceras condol\u00eancias aos familiares e amigos.</p>\r\n<p style=\"text-align: justify; \">Que sua mem\u00f3ria seja eterna e traga conforto aos cora\u00e7\u00f5es enlutados.</p>\r\n<p style=\"text-align: justify; \">C\u00e2mara Municipal de Vereadores\u00a0<i>09 de mar\u00e7o de 2026</i></p>", "author_name": "", "version": "1.0", "author_url": "https://www.colniza.mt.leg.br/author/Edu", "provider_name": "C\u00e2mara Municipal de Colniza", "type": "rich"}